{"id":822,"date":"2025-11-17T11:17:10","date_gmt":"2025-11-17T11:17:10","guid":{"rendered":"https:\/\/www.medioso.info\/?p=822"},"modified":"2025-11-19T10:06:26","modified_gmt":"2025-11-19T10:06:26","slug":"tyrnavan-syksyinen-luonto","status":"publish","type":"post","link":"https:\/\/www.medioso.info\/?p=822","title":{"rendered":"Tyrn\u00e4v\u00e4n syksyinen luonto"},"content":{"rendered":"<!-- wp:themify-builder\/canvas \/-->\n\n\n<p><\/p>\n","protected":false},"excerpt":{"rendered":"","protected":false},"author":7,"featured_media":824,"comment_status":"closed","ping_status":"open","sticky":false,"template":"","format":"standard","meta":{"footnotes":""},"categories":[1],"tags":[],"class_list":["post-822","post","type-post","status-publish","format-standard","has-post-thumbnail","hentry","category-kaikki","has-post-title","has-post-date","has-post-category","has-post-tag","has-post-comment","has-post-author",""],"builder_content":"<p>Yksi tapa jolla halusin tuoda esille Tyrn\u00e4v\u00e4n luonnon kauneuden, oli erikoisl\u00e4hikuvaus kulmasta jossa auringonvalo kehyst\u00e4\u00e4 huurteisen puun oksaa.<\/p>\n<img src=\"https:\/\/medioso.info\/2025\/wp-content\/uploads\/2025\/11\/IMG_0149-scaled.jpg\" width=\"2560\" height=\"1707\" title=\"Tyrn\u00e4v\u00e4n syksyinen luonto\" alt=\"Tyrn\u00e4v\u00e4n syksyinen luonto\">\n\n<p style=\"text-align: right;\">T\u00e4ss\u00e4 kuvassa halusin n\u00e4ytt\u00e4\u00e4 kuinka sinisen taivaan voi n\u00e4hd\u00e4 vakkakin katse olisi lukittuna alasp\u00e4in mustaan veteen. Halusin t\u00e4m\u00e4n kuvastavan kuinka raskaistakin menetyksist\u00e4 voi parantua, ja kuinka pime\u00e4tkin asiat voivat auttaa n\u00e4kem\u00e4\u00e4n kauniin totuuden.<\/p>\n<img src=\"https:\/\/medioso.info\/2025\/wp-content\/uploads\/2025\/11\/IMG_0134-1-scaled.jpg\" width=\"2560\" height=\"1707\" title=\"Tyrn\u00e4v\u00e4n syksyinen luonto\" alt=\"Tyrn\u00e4v\u00e4n syksyinen luonto\">\n\n<p style=\"text-align: right;\">Toinen tapa jota halusin hy\u00f6dynt\u00e4\u00e4 kuvauksessa oli muurahaisen n\u00e4k\u00f6kulmasta otettu kuva, n\u00e4ytt\u00e4en kuinka auringon s\u00e4teet paistaa puiden v\u00e4list\u00e4 pientenkin otusten ihailtavaksi.<\/p>\n<img src=\"https:\/\/medioso.info\/2025\/wp-content\/uploads\/2025\/11\/IMG_0143-scaled.jpg\" width=\"2560\" height=\"1707\" title=\"Tyrn\u00e4v\u00e4n syksyinen luonto\" alt=\"Tyrn\u00e4v\u00e4n syksyinen luonto\">\n\n[embed]https:\/\/youtu.be\/-SCh0Pc3dxs[\/embed]","_links":{"self":[{"href":"https:\/\/www.medioso.info\/index.php?rest_route=\/wp\/v2\/posts\/822","targetHints":{"allow":["GET"]}}],"collection":[{"href":"https:\/\/www.medioso.info\/index.php?rest_route=\/wp\/v2\/posts"}],"about":[{"href":"https:\/\/www.medioso.info\/index.php?rest_route=\/wp\/v2\/types\/post"}],"author":[{"embeddable":true,"href":"https:\/\/www.medioso.info\/index.php?rest_route=\/wp\/v2\/users\/7"}],"replies":[{"embeddable":true,"href":"https:\/\/www.medioso.info\/index.php?rest_route=%2Fwp%2Fv2%2Fcomments&post=822"}],"version-history":[{"count":54,"href":"https:\/\/www.medioso.info\/index.php?rest_route=\/wp\/v2\/posts\/822\/revisions"}],"predecessor-version":[{"id":1453,"href":"https:\/\/www.medioso.info\/index.php?rest_route=\/wp\/v2\/posts\/822\/revisions\/1453"}],"wp:featuredmedia":[{"embeddable":true,"href":"https:\/\/www.medioso.info\/index.php?rest_route=\/wp\/v2\/media\/824"}],"wp:attachment":[{"href":"https:\/\/www.medioso.info\/index.php?rest_route=%2Fwp%2Fv2%2Fmedia&parent=822"}],"wp:term":[{"taxonomy":"category","embeddable":true,"href":"https:\/\/www.medioso.info\/index.php?rest_route=%2Fwp%2Fv2%2Fcategories&post=822"},{"taxonomy":"post_tag","embeddable":true,"href":"https:\/\/www.medioso.info\/index.php?rest_route=%2Fwp%2Fv2%2Ftags&post=822"}],"curies":[{"name":"wp","href":"https:\/\/api.w.org\/{rel}","templated":true}]}}