{"id":834,"date":"2025-11-17T07:23:11","date_gmt":"2025-11-17T07:23:11","guid":{"rendered":"https:\/\/www.medioso.info\/?p=834"},"modified":"2025-11-17T10:15:33","modified_gmt":"2025-11-17T10:15:33","slug":"tervatupa","status":"publish","type":"post","link":"https:\/\/www.medioso.info\/?p=834","title":{"rendered":"Maamin ja J\u00f6nssin tarina"},"content":{"rendered":"<!-- wp:themify-builder\/canvas \/-->\n\n\n<p><\/p>\n","protected":false},"excerpt":{"rendered":"","protected":false},"author":4,"featured_media":839,"comment_status":"closed","ping_status":"open","sticky":false,"template":"","format":"standard","meta":{"footnotes":""},"categories":[9,1,4,19,20,23,13,15],"tags":[],"class_list":["post-834","post","type-post","status-publish","format-standard","has-post-thumbnail","hentry","category-artikkelit","category-kaikki","category-kulttuuri","category-matkailu","category-musiikki","category-tapahtumat","category-tyoelama","category-viihde","has-post-title","has-post-date","has-post-category","has-post-tag","has-post-comment","has-post-author",""],"builder_content":"<h6><strong>Ruukin kyl\u00e4n Tervatupa jatkaa yh\u00e4 kyl\u00e4l\u00e4isten tapaamispaikkana.<\/strong><\/h6>\n<img src=\"https:\/\/medioso.info\/2025\/wp-content\/uploads\/2025\/11\/tervatupa-Edit.png\" width=\"960\" height=\"960\" title=\"Maamin ja J\u00f6nssin tarina\" alt=\"Maamin ja J\u00f6nssin tarina\">\n<a href=\"https:\/\/www.google.com\/maps\/place\/\/data=!4m2!3m1!1s0x4681ad7ac7aa4a0d:0xeae840f46399b240?sa=X&#038;ved=1t:8290&#038;ictx=111\" target=\"_blank\" rel=\"noopener\"> <em><svg xmlns:xlink=\"http:\/\/www.w3.org\/1999\/xlink\" aria-hidden=\"true\"><use href=\"#tf-ti-pin\" xlink:href=\"#tf-ti-pin\"><\/use><\/svg><\/em> <\/a>\n<a href=\"https:\/\/www.facebook.com\/p\/Tervatupa-61557321831100\/?locale=fi_FI\" target=\"_blank\" rel=\"noopener\"> <em><svg xmlns:xlink=\"http:\/\/www.w3.org\/1999\/xlink\" aria-hidden=\"true\"><use href=\"#tf-ti-facebook\" xlink:href=\"#tf-ti-facebook\"><\/use><\/svg><\/em> <\/a>\n<p>Olen menossa tutustumaan Ruukin kyl\u00e4n keskeiseen kohtaamispaikkaan Tervatupaan, jolla on pitk\u00e4 historiansa erilaisten yrityksien toimipisteen\u00e4. Astuessani rakennuksen sis\u00e4lle kohtaan l\u00e4mpim\u00e4n vastaanoton, joka luo vahvan kontrastin ulkoilman harmauteen. Yritt\u00e4jien yst\u00e4v\u00e4llisyys kertoo selke\u00e4sti, miksi Tervatupa on edelleen toiminnassa Ruukin kyl\u00e4n syd\u00e4mess\u00e4.\u00a0 I\u00e4st\u00e4\u00e4n huolimatta Tervatupa toimii edelleen t\u00e4rke\u00e4n\u00e4 kokoontumis- ja viihtymispaikkana.\u00a0<\/p>\n<p>Tervatuvan nykyiset yritt\u00e4j\u00e4t Jari ja Maarit Nyman, kyl\u00e4l\u00e4isille tutummin J\u00f6nssi ja Maami jatkavat Tervatuvan perinteit\u00e4 tarjoamalla asiakkaille tapahtumia, kuten el\u00e4v\u00e4\u00e4 musiikkia, bingoa ja karaokea sek\u00e4 mahdollisuuden viett\u00e4\u00e4 iltaa, vaikka lautapelien \u00e4\u00e4rell\u00e4.\u00a0\u00a0<\/p>\n<img src=\"https:\/\/medioso.info\/2025\/wp-content\/uploads\/2025\/11\/Jari-ja-Maarit.png\" width=\"2048\" height=\"1484\" title=\"Maamin ja J\u00f6nssin tarina\" alt=\"Maamin ja J\u00f6nssin tarina\">\n<h6><strong>Tervatuvan historia<\/strong><\/h6>\n<p>Jari kertoo, ett\u00e4 rakennus on alkujaan rakennettu Oulun Osuuskaupan E-kaupaksi 1900 luvun alussa. E- kauppa toimi 1980 luvun puoliv\u00e4liin saakka. T\u00e4m\u00e4n j\u00e4lkeen rakennus on tarjonnut tilat monenlaiselle yritt\u00e4jyydelle, kuten s\u00e4hk\u00f6liike Ruukin s\u00e4hk\u00f6palvelulle, ett\u00e4 samaan aikaan rakennuksen yl\u00e4kerrassa toimineille siivouspalvelulle ja kirjanpitotoimistolle. 1990 luvulla rakennus aloitti historiansa ravintola k\u00e4yt\u00f6ss\u00e4 pizzeriana, kahvilana sek\u00e4 grillin\u00e4 vuosituhannen vaihteeseen asti.\u00a0\u00a0<\/p> <p>Vuonna 2000 kuvioihin astui Kari Raatikainen ja h\u00e4n perusti ravintola Tervatuvan n\u00e4ihin tiloihin. 2010\u20132023 ravintoloitsijana toimi Keijo Stenroos ja h\u00e4nen j\u00e4lkeens\u00e4 ravintoloitsija Juha \u00c4ij\u00e4l\u00e4 jatkoi vuoteen 2024 saakka. Vuonna 2023 Tervatuvan rakennukseen tehtiin isompi sis\u00e4remontti, jonka tuloksista voidaan nauttia nyky\u00e4\u00e4n.\u00a0<\/p>\n<p>T\u00e4rke\u00e4n, yhteisen p\u00e4\u00e4t\u00f6ksen j\u00e4lkeen Jari ja Maarit perustivat Tervatehdas Oy:n. Perustamisen my\u00f6t\u00e4 uutena asiana tuli esiin yritt\u00e4jyyden byrokraattinen projektipuoli.\u00a0<\/p>\n<blockquote> <p><strong><em>2024 meille tarjoutui tilaisuus aloittaa yritt\u00e4j\u00e4n\u00e4. Mietint\u00e4\u00e4 ja p\u00e4\u00e4t\u00f6ksen tekoon meni vain hetki. Pian aloimme perustaa osakeyhti\u00f6t\u00e4, joka tuntui silloin j\u00e4rkevimm\u00e4lt\u00e4 ratkaisulta. <\/em><em>Olimme yritysmaailmassa aika noviiseja mutta selvisimme siit\u00e4 parissa kuukaudessa saadessamme apua ja neuvoja tutuilta yritt\u00e4jilt\u00e4. Maarit on yritt\u00e4j\u00e4perheen kasvatteja ja on saanut kokemusta ollessaan t\u00f6iss\u00e4 1990 luvulla set\u00e4ns\u00e4 ravintolassa. Min\u00e4 itse en omaa mink\u00e4\u00e4nlaista yritt\u00e4j\u00e4 taustaa, Jari toteaa hymyillen.\u00a0<\/em><\/strong><\/p> <\/blockquote>\n<img src=\"https:\/\/medioso.info\/2025\/wp-content\/uploads\/2025\/11\/Eteinen-scaled-e1763309956244.png\" width=\"2560\" height=\"1843\" title=\"Maamin ja J\u00f6nssin tarina\" alt=\"Maamin ja J\u00f6nssin tarina\">\n<img src=\"https:\/\/medioso.info\/2025\/wp-content\/uploads\/2025\/11\/Vessat.png\" width=\"2327\" height=\"1631\" title=\"Maamin ja J\u00f6nssin tarina\" alt=\"Maamin ja J\u00f6nssin tarina\">\n<p>P\u00e4\u00e4tt\u00e4ess\u00e4\u00e4n aloittamaan yritt\u00e4jyyden heid\u00e4n on t\u00e4ytynyt tehd\u00e4 valintoja, joista osa on ollut todella isoja. Ajatus keskittymisest\u00e4 pelk\u00e4st\u00e4\u00e4n Tervatupaan sai Jarin tekem\u00e4\u00e4n rohkean irtioton ja h\u00e4n irtisanoutui Raahen SSAB:n tehtaalta 19 vuoden palveluksen j\u00e4lkeen 2025. \u00a0<\/p>\n<blockquote> <p><strong><em>Ajateltiin, ettei se voi niin vaikeaa olla, eik\u00e4 olekaan.\u00a0 Ei muuta kuin tuulimyllyj\u00e4 vastaan, tuumattiin. Nyt l\u00e4hes kaksi vuotta my\u00f6hemmin voi todeta, ett\u00e4 harrastuksesta on tullut meille ihan ykk\u00f6sjuttu.\u00a0\u00a0<\/em><\/strong><\/p> <\/blockquote>\n<h6><strong>El\u00e4v\u00e4\u00e4 musiikkia<\/strong><\/h6>\n<p>Jari ja Maarit ovat tietoisesti halunneet panostaa el\u00e4v\u00e4n musiikin tuomiseen Ruukkiin. Tervatuvan keskeisell\u00e4 paikalla, stagella\u00a0on moni b\u00e4ndi jo esiintynyt ja tuonut kyl\u00e4l\u00e4isten kuunneltavaksi, ett\u00e4 tanssittavaksi erilaisia musiikkityylej\u00e4. Remontin yhteydess\u00e4 esiintymislava siirrettiin ja samalla muutettu tilavammaksi. Yl\u00e4kertaankin on valmistumassa tilat, joita on tulevaisuudessa mahdollisuus vuokrata omiin juhliin.\u00a0\u00a0\u00a0<\/p>\n<p>Artistien antama palaute stagesta ja talosta ovat olleet positiivisia, sill\u00e4 talon hirsirunko tuottaa pehme\u00e4n akustiikan poistaen ylim\u00e4\u00e4r\u00e4iset kaiut. Esiintymislistasta voi n\u00e4hd\u00e4, ett\u00e4 moni viikonloppu on saanut jo esiintyj\u00e4ns\u00e4 loppuvuodeksi. <\/p><p>Jari kertoo, ett\u00e4 stagelle nousee marraskuussa tummaa ja soul-henkist\u00e4 bluesmusiikkia taitavasti k\u00e4sittelev\u00e4 <b>Brother\u00b4s Blues Band<\/b>. Joulukuussa <b>Tervatuvan 25- vuotis<\/b>\u00a0juhlan kunniaksi saapuu <b><i>Bablo<\/i><\/b>, laulaja, joka tunnetaan karheasta raspisoundistaan ja pehme\u00e4st\u00e4 iskelm\u00e4- ja soft rock -musiikista. Uusi Vuosi vaihtuu kokeneen <b>DJ Jarik<\/b> luotsaamana ikimuistoisessa <b>Uuden vuoden<\/b> \u2013 diskossa.\u00a0<\/p>\n[embed]https:\/\/medioso.info\/2025\/wp-content\/uploads\/2025\/11\/Esiintyja-lavalla-video.mp4[\/embed]\n<p>Hilda's People<\/p><p>Kuvannut Emppu Honkala 1.11.2025<\/p>\n<blockquote> <p><strong><em>Alussa emme tienneet muusikkopiireist\u00e4 mit\u00e4\u00e4n,\u00a0 Jari my\u00f6nt\u00e4\u00e4.\u00a0 Silloin kuvioon astui muusikkoveljeni Jarno. H\u00e4nen tiedoillaan, taidoillaan ja suhteillaan saimme esiintyji\u00e4 Tervatuvan alkuvaiheessa. Nyky\u00e4\u00e4n kuvio on muuttunut muusikko piireihin levinneen maineen siivitt\u00e4m\u00e4n\u00e4. Olemme saanet suuren kunnian, ett\u00e4 artistit ottavat meihin yhteytt\u00e4 p\u00e4\u00e4st\u00e4kseen esiintym\u00e4\u00e4n Tervikseen.\u00a0<\/em><\/strong><\/p> <p><strong><em>Kaikkiahan esiintyji\u00e4 emme toki pysty ottaa mutta aina kannattaa kysell\u00e4, sill\u00e4 jokainen huomioidaan.\u00a0\u00a0<\/em><\/strong><\/p> <\/blockquote>\n<img src=\"https:\/\/medioso.info\/2025\/wp-content\/uploads\/2025\/11\/DSC03257-scaled.jpg\" width=\"2560\" height=\"1437\" title=\"Maamin ja J\u00f6nssin tarina\" alt=\"Maamin ja J\u00f6nssin tarina\">\n<h6><strong>Tervis Open Stage\u00a0\u2013 illat<\/strong><\/h6>\n<p>Tervatupa pit\u00e4\u00e4 ovensa auki keskiviikosta -lauantaihin klo 18 alkaen Jarin ja Maaritin voimin.\u00a0 Ja kun ollaan yritt\u00e4j\u00e4 perheess\u00e4, niin heid\u00e4n rakkaat lapsensa Nita ja Niki ovat olleet v\u00e4lill\u00e4 apuna tutustuen yritystoimintaan. <\/p><p>Suunnitelmia on jo kev\u00e4\u00e4lle 2026. Yritt\u00e4j\u00e4 ei voi j\u00e4\u00e4d\u00e4 lep\u00e4\u00e4m\u00e4\u00e4n tuudittautuen pelkk\u00e4\u00e4n onneen. Kev\u00e4\u00e4ll\u00e4 2026 starttaavat <b>Tervis Open Stage<\/b> \u2013 illat. Lava on yleis\u00f6n k\u00e4yt\u00f6ss\u00e4 ja siell\u00e4 voi kokeilla vaikka runon lausuntaa, b\u00e4ndi hommia tai ihan mit\u00e4 vaan mieleen p\u00e4lk\u00e4ht\u00e4\u00e4. Sit\u00e4 ennen asiakkaat voivat tunnustella omaa t\u00e4htihetke\u00e4\u00e4n Karaoken avuin Feelment palvelun kautta, jossa viikoittain p\u00e4ivittyv\u00e4 valikoima ylt\u00e4\u00e4 jo 10 000 biisiin.\u00a0\u00a0<\/p><p>Toiminnalliset tapahtumat rikastuttavat iltoja ja mahdollistavat aikuisille kohtaamisen mukavassa ja tutussa ymp\u00e4rist\u00f6ss\u00e4. Jatkuvuus ja paikallisuus tekev\u00e4t Tervatuvasta edelleen miellytt\u00e4v\u00e4n kohtaamispaikan Ruukissa.\u00a0Tervatuvan yritt\u00e4jyys ja yhteis\u00f6llisyys kietoutuvat yhteen, luoden merkityksellisyyden asiakkaille, esiintyjille ja itse yritt\u00e4jille.\u00a0\u00a0<\/p>\n<p>Haastattelun l\u00e4hetess\u00e4 loppua kinkkubingon pelaajat alkavat t\u00e4ytt\u00e4m\u00e4\u00e4n p\u00f6yti\u00e4. Puheen sorina kiirii saliin, tuolien jalat \u00e4\u00e4nt\u00e4v\u00e4t lattiaa vasten. J\u00e4nnityst\u00e4 on ilmassa, sill\u00e4 kinkun kotiin viemiseen tarvitaan onnea.\u00a0 Kiit\u00e4n Jaria ja Maaritia haastattelusta ja saan heilt\u00e4 l\u00e4mpim\u00e4t hymyt kotimatkalleni. \u00a0<\/p>\n<blockquote><h6><strong><em>Olemme saaneet hyv\u00e4\u00e4 palautetta asiakkailta ja olemme saaneet mainetta kyl\u00e4baarina. Asiakkaat tekev\u00e4t tunnelman ja me luomme niille puitteet, Jari toteaa.<\/em><\/strong><\/h6><\/blockquote>\n\n[gallery ids=\"838,950,949\"]\n[embed]https:\/\/youtu.be\/cmFt3sEylP8[\/embed]\n<img src=\"https:\/\/medioso.info\/2025\/wp-content\/uploads\/2025\/11\/tervatupa-poster-scaled.png\" width=\"1920\" height=\"2560\" title=\"Maamin ja J\u00f6nssin tarina\" alt=\"Maamin ja J\u00f6nssin tarina\">\n<p>Artikkeli &amp; kuvat: Varpu Korkala<\/p><p>Video: Varpu Korkala<\/p>","_links":{"self":[{"href":"https:\/\/www.medioso.info\/index.php?rest_route=\/wp\/v2\/posts\/834","targetHints":{"allow":["GET"]}}],"collection":[{"href":"https:\/\/www.medioso.info\/index.php?rest_route=\/wp\/v2\/posts"}],"about":[{"href":"https:\/\/www.medioso.info\/index.php?rest_route=\/wp\/v2\/types\/post"}],"author":[{"embeddable":true,"href":"https:\/\/www.medioso.info\/index.php?rest_route=\/wp\/v2\/users\/4"}],"replies":[{"embeddable":true,"href":"https:\/\/www.medioso.info\/index.php?rest_route=%2Fwp%2Fv2%2Fcomments&post=834"}],"version-history":[{"count":316,"href":"https:\/\/www.medioso.info\/index.php?rest_route=\/wp\/v2\/posts\/834\/revisions"}],"predecessor-version":[{"id":1374,"href":"https:\/\/www.medioso.info\/index.php?rest_route=\/wp\/v2\/posts\/834\/revisions\/1374"}],"wp:featuredmedia":[{"embeddable":true,"href":"https:\/\/www.medioso.info\/index.php?rest_route=\/wp\/v2\/media\/839"}],"wp:attachment":[{"href":"https:\/\/www.medioso.info\/index.php?rest_route=%2Fwp%2Fv2%2Fmedia&parent=834"}],"wp:term":[{"taxonomy":"category","embeddable":true,"href":"https:\/\/www.medioso.info\/index.php?rest_route=%2Fwp%2Fv2%2Fcategories&post=834"},{"taxonomy":"post_tag","embeddable":true,"href":"https:\/\/www.medioso.info\/index.php?rest_route=%2Fwp%2Fv2%2Ftags&post=834"}],"curies":[{"name":"wp","href":"https:\/\/api.w.org\/{rel}","templated":true}]}}